{"id":1556,"date":"2026-04-25T10:08:27","date_gmt":"2026-04-25T13:08:27","guid":{"rendered":"https:\/\/www.cnbf.org.br\/?p=1556"},"modified":"2026-04-25T10:08:27","modified_gmt":"2026-04-25T13:08:27","slug":"xxxiii-congresso-nacional-tecnico-e-pedagogico-da-cnbf","status":"publish","type":"post","link":"https:\/\/www.cnbf.org.br\/index.php\/2026\/04\/25\/xxxiii-congresso-nacional-tecnico-e-pedagogico-da-cnbf\/","title":{"rendered":"XXXIII Congresso Nacional T\u00e9cnico e Pedag\u00f3gico da CNBF"},"content":{"rendered":"<div class=\"wpb-content-wrapper\"><p>[vc_row][vc_column][vc_column_text]<\/p>\n<p style=\"text-align: justify;\" data-start=\"247\" data-end=\"480\">A Confedera\u00e7\u00e3o Nacional de Bandas e Fanfarras (CNBF) tem a honra de anunciar a realiza\u00e7\u00e3o do <strong data-start=\"340\" data-end=\"412\">XXXIII Congresso Nacional T\u00e9cnico e Pedag\u00f3gico de Bandas e Fanfarras<\/strong>, um dos mais importantes encontros do movimento musical brasileiro.<\/p>\n<p style=\"text-align: justify;\" data-start=\"482\" data-end=\"731\">Com o tema <strong data-start=\"493\" data-end=\"542\">\u201cBandas e Fanfarras: a Cultura em Movimento!\u201d<\/strong>, o congresso reunir\u00e1 profissionais, estudantes e entusiastas da m\u00fasica para dois dias de intensa troca de conhecimentos, experi\u00eancias e pr\u00e1ticas que fortalecem a cultura musical no Brasil.<\/p>\n<p style=\"text-align: justify;\" data-start=\"733\" data-end=\"875\">O evento ser\u00e1 um espa\u00e7o de <strong data-start=\"760\" data-end=\"799\">inspira\u00e7\u00e3o, conex\u00e3o e transforma\u00e7\u00e3o<\/strong>, promovendo o desenvolvimento t\u00e9cnico, pedag\u00f3gico e institucional do setor.<\/p>\n<p style=\"text-align: justify;\" data-start=\"877\" data-end=\"934\">Ao longo da programa\u00e7\u00e3o, os participantes ter\u00e3o acesso a:<\/p>\n<ul style=\"text-align: justify;\" data-start=\"935\" data-end=\"1112\">\n<li data-section-id=\"tjvqm4\" data-start=\"935\" data-end=\"974\">Palestras com especialistas da \u00e1rea<\/li>\n<li data-section-id=\"1yh1qfu\" data-start=\"975\" data-end=\"1009\">Oficinas pr\u00e1ticas e formativas<\/li>\n<li data-section-id=\"fywjhu\" data-start=\"1010\" data-end=\"1031\">Pain\u00e9is tem\u00e1ticos<\/li>\n<li data-section-id=\"lmiyo2\" data-start=\"1032\" data-end=\"1112\">Atividades voltadas para regentes, instrutores, m\u00fasicos e gestores culturais<\/li>\n<\/ul>\n<p style=\"text-align: justify;\" data-start=\"1114\" data-end=\"1224\">\ud83d\udcc5 <strong data-start=\"1117\" data-end=\"1126\">Data:<\/strong> 21 e 22 de maio de 2026<br data-start=\"1150\" data-end=\"1153\" \/>\ud83d\udccd <strong data-start=\"1156\" data-end=\"1166\">Local:<\/strong> Audit\u00f3rio do Minist\u00e9rio da Cultura (MinC) \u2013 Bras\u00edlia\/DF<\/p>\n<p style=\"text-align: justify;\" data-start=\"1226\" data-end=\"1410\">Ser\u00e3o dois dias dedicados \u00e0 <strong data-start=\"1254\" data-end=\"1343\">forma\u00e7\u00e3o, inova\u00e7\u00e3o e fortalecimento do movimento de bandas e fanfarras em todo o pa\u00eds<\/strong>, refor\u00e7ando o papel da m\u00fasica como agente de transforma\u00e7\u00e3o social.<\/p>\n<p>[\/vc_column_text][\/vc_column][\/vc_row]<\/p>\n<\/div>","protected":false},"excerpt":{"rendered":"<p>[vc_row][vc_column][vc_column_text] A Confedera\u00e7\u00e3o Nacional de Bandas e Fanfarras (CNBF) tem a honra de anunciar a realiza\u00e7\u00e3o do XXXIII Congresso Nacional T\u00e9cnico e Pedag\u00f3gico de Bandas e Fanfarras, um dos mais importantes encontros do movimento musical brasileiro. Com o tema \u201cBandas e Fanfarras: a Cultura em Movimento!\u201d, o congresso reunir\u00e1 profissionais, estudantes e entusiastas da m\u00fasica [&hellip;]<\/p>\n","protected":false},"author":1,"featured_media":1558,"comment_status":"open","ping_status":"open","sticky":false,"template":"","format":"standard","meta":{"_jetpack_memberships_contains_paid_content":false,"footnotes":""},"categories":[170],"tags":[174,138,32,171,173,175,51,52,172],"class_list":["post-1556","post","type-post","status-publish","format-standard","has-post-thumbnail","hentry","category-congresso-2026","tag-bandas-e-fanfarras","tag-brasilia","tag-cnbf","tag-congresso","tag-congresso-de-bandas-e-fanfarras","tag-evento-cultural","tag-minc","tag-ministerio-da-cultura","tag-noticias"],"jetpack_featured_media_url":"https:\/\/www.cnbf.org.br\/wp-content\/uploads\/2026\/04\/congresso2026.jpeg","wpmagazine_modules_lite_featured_media_urls":{"thumbnail":["https:\/\/www.cnbf.org.br\/wp-content\/uploads\/2026\/04\/congresso2026-150x150.jpeg",150,150,true],"cvmm-medium":["https:\/\/www.cnbf.org.br\/wp-content\/uploads\/2026\/04\/congresso2026-300x300.jpeg",300,300,true],"cvmm-medium-plus":["https:\/\/www.cnbf.org.br\/wp-content\/uploads\/2026\/04\/congresso2026-305x207.jpeg",305,207,true],"cvmm-portrait":["https:\/\/www.cnbf.org.br\/wp-content\/uploads\/2026\/04\/congresso2026-400x600.jpeg",400,600,true],"cvmm-medium-square":["https:\/\/www.cnbf.org.br\/wp-content\/uploads\/2026\/04\/congresso2026-600x600.jpeg",600,600,true],"cvmm-large":["https:\/\/www.cnbf.org.br\/wp-content\/uploads\/2026\/04\/congresso2026-1024x1024.jpeg",1024,1024,true],"cvmm-small":["https:\/\/www.cnbf.org.br\/wp-content\/uploads\/2026\/04\/congresso2026-130x95.jpeg",130,95,true],"full":["https:\/\/www.cnbf.org.br\/wp-content\/uploads\/2026\/04\/congresso2026.jpeg",1164,1280,false]},"categories_names":{"170":{"name":"CONGRESSO 2026","link":"https:\/\/www.cnbf.org.br\/index.php\/category\/congresso-2026\/"}},"tags_names":{"174":{"name":"Bandas e Fanfarras","link":"https:\/\/www.cnbf.org.br\/index.php\/tag\/bandas-e-fanfarras\/"},"138":{"name":"Brasilia","link":"https:\/\/www.cnbf.org.br\/index.php\/tag\/brasilia\/"},"32":{"name":"cnbf","link":"https:\/\/www.cnbf.org.br\/index.php\/tag\/cnbf\/"},"171":{"name":"congresso","link":"https:\/\/www.cnbf.org.br\/index.php\/tag\/congresso\/"},"173":{"name":"Congresso de Bandas e Fanfarras","link":"https:\/\/www.cnbf.org.br\/index.php\/tag\/congresso-de-bandas-e-fanfarras\/"},"175":{"name":"Evento Cultural","link":"https:\/\/www.cnbf.org.br\/index.php\/tag\/evento-cultural\/"},"51":{"name":"MINC","link":"https:\/\/www.cnbf.org.br\/index.php\/tag\/minc\/"},"52":{"name":"MINIST\u00c9RIO DA CULTURA","link":"https:\/\/www.cnbf.org.br\/index.php\/tag\/ministerio-da-cultura\/"},"172":{"name":"noticias","link":"https:\/\/www.cnbf.org.br\/index.php\/tag\/noticias\/"}},"comments_number":"0","jetpack_sharing_enabled":true,"_links":{"self":[{"href":"https:\/\/www.cnbf.org.br\/index.php\/wp-json\/wp\/v2\/posts\/1556","targetHints":{"allow":["GET"]}}],"collection":[{"href":"https:\/\/www.cnbf.org.br\/index.php\/wp-json\/wp\/v2\/posts"}],"about":[{"href":"https:\/\/www.cnbf.org.br\/index.php\/wp-json\/wp\/v2\/types\/post"}],"author":[{"embeddable":true,"href":"https:\/\/www.cnbf.org.br\/index.php\/wp-json\/wp\/v2\/users\/1"}],"replies":[{"embeddable":true,"href":"https:\/\/www.cnbf.org.br\/index.php\/wp-json\/wp\/v2\/comments?post=1556"}],"version-history":[{"count":1,"href":"https:\/\/www.cnbf.org.br\/index.php\/wp-json\/wp\/v2\/posts\/1556\/revisions"}],"predecessor-version":[{"id":1559,"href":"https:\/\/www.cnbf.org.br\/index.php\/wp-json\/wp\/v2\/posts\/1556\/revisions\/1559"}],"wp:featuredmedia":[{"embeddable":true,"href":"https:\/\/www.cnbf.org.br\/index.php\/wp-json\/wp\/v2\/media\/1558"}],"wp:attachment":[{"href":"https:\/\/www.cnbf.org.br\/index.php\/wp-json\/wp\/v2\/media?parent=1556"}],"wp:term":[{"taxonomy":"category","embeddable":true,"href":"https:\/\/www.cnbf.org.br\/index.php\/wp-json\/wp\/v2\/categories?post=1556"},{"taxonomy":"post_tag","embeddable":true,"href":"https:\/\/www.cnbf.org.br\/index.php\/wp-json\/wp\/v2\/tags?post=1556"}],"curies":[{"name":"wp","href":"https:\/\/api.w.org\/{rel}","templated":true}]}}