{"id":1337,"date":"2025-11-19T20:21:01","date_gmt":"2025-11-19T23:21:01","guid":{"rendered":"https:\/\/www.cnbf.org.br\/?p=1337"},"modified":"2025-12-05T11:26:47","modified_gmt":"2025-12-05T14:26:47","slug":"macae-vai-vibrar-a-lista-de-participantes-e-a-programacao-do-xxxii-campeonato-nacional-ja-estao-publicadas","status":"publish","type":"post","link":"https:\/\/www.cnbf.org.br\/index.php\/2025\/11\/19\/macae-vai-vibrar-a-lista-de-participantes-e-a-programacao-do-xxxii-campeonato-nacional-ja-estao-publicadas\/","title":{"rendered":"Maca\u00e9 vai vibrar: a lista de participantes e a programa\u00e7\u00e3o do XXXII Campeonato Nacional j\u00e1 est\u00e3o publicadas!"},"content":{"rendered":"<div class=\"wpb-content-wrapper\"><p>[vc_row][vc_column][vc_column_text css=&#8221;&#8221;]<\/p>\n<p data-start=\"199\" data-end=\"462\"><span style=\"font-family: arial, helvetica, sans-serif;\">A CNBF tem a alegria de anunciar que a lista oficial de <strong data-start=\"255\" data-end=\"272\">participantes<\/strong> e o <strong data-start=\"277\" data-end=\"300\">cronograma completo<\/strong> do XXXII Campeonato Nacional de Bandas e Fanfarras j\u00e1 est\u00e3o publicados \u2014 e, pelo que vemos, teremos um dos <strong data-start=\"408\" data-end=\"461\">maiores eventos da hist\u00f3ria da nossa Confedera\u00e7\u00e3o<\/strong>!<\/span><\/p>\n<h3 data-start=\"464\" data-end=\"492\"><span style=\"font-family: arial, helvetica, sans-serif;\">\ud83d\udcef Um encontro hist\u00f3rico<\/span><\/h3>\n<ul data-start=\"494\" data-end=\"888\">\n<li data-start=\"494\" data-end=\"623\">\n<p data-start=\"496\" data-end=\"623\"><span style=\"font-family: arial, helvetica, sans-serif;\"><strong data-start=\"496\" data-end=\"510\">16 estados<\/strong> j\u00e1 confirmaram presen\u00e7a, o que refor\u00e7a a amplitude nacional do encontro. <\/span><\/p>\n<\/li>\n<li data-start=\"624\" data-end=\"699\">\n<p data-start=\"626\" data-end=\"699\"><span style=\"font-family: arial, helvetica, sans-serif;\">\u00c9 um <strong data-start=\"631\" data-end=\"657\">recorde de corpora\u00e7\u00f5es<\/strong>, de musicistas e de pessoas envolvidas.<\/span><\/p>\n<\/li>\n<li data-start=\"700\" data-end=\"888\">\n<p data-start=\"702\" data-end=\"888\"><span style=\"font-family: arial, helvetica, sans-serif;\">Segundo o painel de dados da CNBF, o evento reunir\u00e1 <strong data-start=\"754\" data-end=\"779\">mais de 7 mil pessoas<\/strong>, entre m\u00fasicos, instrutores, diretores de naipe, staff e apoiadores. <\/span><\/p>\n<\/li>\n<\/ul>\n<h3 data-start=\"890\" data-end=\"922\"><span style=\"font-family: arial, helvetica, sans-serif;\">\ud83d\udcc5 Data, local e programa\u00e7\u00e3o<\/span><\/h3>\n<ul data-start=\"924\" data-end=\"1415\">\n<li data-start=\"924\" data-end=\"1065\">\n<p data-start=\"926\" data-end=\"1065\"><span style=\"font-family: arial, helvetica, sans-serif;\">O campeonato acontecer\u00e1 nos dias <strong data-start=\"959\" data-end=\"990\">29 e 30 de novembro de 2025<\/strong>, na bela cidade de <strong data-start=\"1010\" data-end=\"1024\">Maca\u00e9 (RJ)<\/strong>. <\/span><\/p>\n<\/li>\n<li data-start=\"1066\" data-end=\"1245\">\n<p data-start=\"1068\" data-end=\"1245\"><span style=\"font-family: arial, helvetica, sans-serif;\">As atividades come\u00e7am cedo, a partir das <strong data-start=\"1109\" data-end=\"1115\">8h<\/strong>, com desfiles, performances coreogr\u00e1ficas, apresenta\u00e7\u00f5es musicais e competi\u00e7\u00f5es oficiais. <\/span><\/p>\n<\/li>\n<li data-start=\"1246\" data-end=\"1415\">\n<p data-start=\"1248\" data-end=\"1415\"><span style=\"font-family: arial, helvetica, sans-serif;\">A sede ser\u00e1 a regi\u00e3o de <strong data-start=\"1272\" data-end=\"1284\">Imbetiba<\/strong>, em Maca\u00e9, que ganha destaque como palco principal desse grande momento da m\u00fasica marcial. <\/span><\/p>\n<\/li>\n<\/ul>\n<h3 data-start=\"1417\" data-end=\"1480\"><span style=\"font-family: arial, helvetica, sans-serif;\">\ud83c\udf1f Por que este ser\u00e1 um dos maiores CNBF de todos os tempos<\/span><\/h3>\n<ol data-start=\"1482\" data-end=\"2169\">\n<li data-start=\"1482\" data-end=\"1624\">\n<p data-start=\"1485\" data-end=\"1624\"><span style=\"font-family: arial, helvetica, sans-serif;\"><strong data-start=\"1485\" data-end=\"1510\">Abrang\u00eancia nacional:<\/strong> com 16 estados presentes, \u00e9 uma demonstra\u00e7\u00e3o clara da for\u00e7a e da uni\u00e3o das bandas e fanfarras de todo o Brasil.<\/span><\/p>\n<\/li>\n<li data-start=\"1625\" data-end=\"1792\">\n<p data-start=\"1628\" data-end=\"1792\"><span style=\"font-family: arial, helvetica, sans-serif;\"><strong data-start=\"1628\" data-end=\"1654\">Crescimento hist\u00f3rico:<\/strong> o n\u00famero de corpora\u00e7\u00f5es e m\u00fasicos envolvidos bate recorde, sinalizando que o movimento de bandas e fanfarras nunca esteve t\u00e3o vibrante.<\/span><\/p>\n<\/li>\n<li data-start=\"1793\" data-end=\"1965\">\n<p data-start=\"1796\" data-end=\"1965\"><span style=\"font-family: arial, helvetica, sans-serif;\"><strong data-start=\"1796\" data-end=\"1826\">Potencial de visibilidade:<\/strong> Maca\u00e9, ao receber este campeonato, se consolida como um polo nacional de m\u00fasica marcial \u2014 um verdadeiro \u201cBrasil das bandas e fanfarras\u201d.<\/span><\/p>\n<\/li>\n<li data-start=\"1966\" data-end=\"2169\">\n<p data-start=\"1969\" data-end=\"2169\"><span style=\"font-family: arial, helvetica, sans-serif;\"><strong data-start=\"1969\" data-end=\"2002\">Impacto cultural e econ\u00f4mico:<\/strong> o evento n\u00e3o s\u00f3 celebra a m\u00fasica e a disciplina marcial, mas tamb\u00e9m movimenta a economia local, impulsiona o turismo e fortalece a tradi\u00e7\u00e3o musical em n\u00edvel nacional.<\/span><\/p>\n<\/li>\n<\/ol>\n<h3 data-start=\"2171\" data-end=\"2192\"><span style=\"font-family: arial, helvetica, sans-serif;\">\ud83c\udfb6 A CNBF convida<\/span><\/h3>\n<p data-start=\"2194\" data-end=\"2459\"><span style=\"font-family: arial, helvetica, sans-serif;\">Convidamos todos os diretores, maestros, m\u00fasicos, familiares e simpatizantes das bandas e fanfarras para acompanhar de perto esse espet\u00e1culo. Ser\u00e1 uma oportunidade \u00fanica de trocar experi\u00eancias, aprender, competir e celebrar a arte marcial em sua forma mais elevada.<\/span><\/p>\n<hr \/>\n<p data-start=\"2461\" data-end=\"2680\"><span style=\"font-family: arial, helvetica, sans-serif;\">Seguem dias e hor\u00e1rios j\u00e1 confirmados:<\/span><\/p>\n<p>[\/vc_column_text][\/vc_column][\/vc_row][vc_row][vc_column][vc_gallery type=&#8221;image_grid&#8221; images=&#8221;1399,1400,1401,1402,1403&#8243; css_animation=&#8221;fadeInUp&#8221; css=&#8221;&#8221; title=&#8221;S\u00e1bado (29\/11)&#8221;][vc_gallery type=&#8221;image_grid&#8221; images=&#8221;1405,1406,1407,1408&#8243; css_animation=&#8221;fadeInLeft&#8221; css=&#8221;&#8221; title=&#8221;DOMINGO &#8211; 30\/11&#8243;][\/vc_column][\/vc_row]<\/p>\n<\/div>","protected":false},"excerpt":{"rendered":"<p>[vc_row][vc_column][vc_column_text css=&#8221;&#8221;] A CNBF tem a alegria de anunciar que a lista oficial de participantes e o cronograma completo do XXXII Campeonato Nacional de Bandas e Fanfarras j\u00e1 est\u00e3o publicados \u2014 e, pelo que vemos, teremos um dos maiores eventos da hist\u00f3ria da nossa Confedera\u00e7\u00e3o! \ud83d\udcef Um encontro hist\u00f3rico 16 estados j\u00e1 confirmaram presen\u00e7a, o [&hellip;]<\/p>\n","protected":false},"author":1,"featured_media":1293,"comment_status":"open","ping_status":"open","sticky":false,"template":"","format":"standard","meta":{"_jetpack_memberships_contains_paid_content":false,"footnotes":""},"categories":[85],"tags":[167,32,96,58,34,166,168],"class_list":["post-1337","post","type-post","status-publish","format-standard","has-post-thumbnail","hentry","category-nacional-2025","tag-2-dias","tag-cnbf","tag-macae","tag-musica","tag-nacional","tag-participantes","tag-show"],"jetpack_featured_media_url":"https:\/\/www.cnbf.org.br\/wp-content\/uploads\/2025\/11\/nacional2025parceiros.jpg","wpmagazine_modules_lite_featured_media_urls":{"thumbnail":["https:\/\/www.cnbf.org.br\/wp-content\/uploads\/2025\/11\/nacional2025parceiros-150x150.jpg",150,150,true],"cvmm-medium":["https:\/\/www.cnbf.org.br\/wp-content\/uploads\/2025\/11\/nacional2025parceiros.jpg",300,176,false],"cvmm-medium-plus":["https:\/\/www.cnbf.org.br\/wp-content\/uploads\/2025\/11\/nacional2025parceiros.jpg",305,179,false],"cvmm-portrait":["https:\/\/www.cnbf.org.br\/wp-content\/uploads\/2025\/11\/nacional2025parceiros.jpg",400,235,false],"cvmm-medium-square":["https:\/\/www.cnbf.org.br\/wp-content\/uploads\/2025\/11\/nacional2025parceiros.jpg",600,352,false],"cvmm-large":["https:\/\/www.cnbf.org.br\/wp-content\/uploads\/2025\/11\/nacional2025parceiros.jpg",1024,600,false],"cvmm-small":["https:\/\/www.cnbf.org.br\/wp-content\/uploads\/2025\/11\/nacional2025parceiros.jpg",130,76,false],"full":["https:\/\/www.cnbf.org.br\/wp-content\/uploads\/2025\/11\/nacional2025parceiros.jpg",1182,693,false]},"categories_names":{"85":{"name":"NACIONAL 2025","link":"https:\/\/www.cnbf.org.br\/index.php\/category\/nacional-2025\/"}},"tags_names":{"167":{"name":"2 dias","link":"https:\/\/www.cnbf.org.br\/index.php\/tag\/2-dias\/"},"32":{"name":"cnbf","link":"https:\/\/www.cnbf.org.br\/index.php\/tag\/cnbf\/"},"96":{"name":"Maca\u00e9","link":"https:\/\/www.cnbf.org.br\/index.php\/tag\/macae\/"},"58":{"name":"musica","link":"https:\/\/www.cnbf.org.br\/index.php\/tag\/musica\/"},"34":{"name":"nacional","link":"https:\/\/www.cnbf.org.br\/index.php\/tag\/nacional\/"},"166":{"name":"participantes","link":"https:\/\/www.cnbf.org.br\/index.php\/tag\/participantes\/"},"168":{"name":"Show","link":"https:\/\/www.cnbf.org.br\/index.php\/tag\/show\/"}},"comments_number":"0","jetpack_sharing_enabled":true,"_links":{"self":[{"href":"https:\/\/www.cnbf.org.br\/index.php\/wp-json\/wp\/v2\/posts\/1337","targetHints":{"allow":["GET"]}}],"collection":[{"href":"https:\/\/www.cnbf.org.br\/index.php\/wp-json\/wp\/v2\/posts"}],"about":[{"href":"https:\/\/www.cnbf.org.br\/index.php\/wp-json\/wp\/v2\/types\/post"}],"author":[{"embeddable":true,"href":"https:\/\/www.cnbf.org.br\/index.php\/wp-json\/wp\/v2\/users\/1"}],"replies":[{"embeddable":true,"href":"https:\/\/www.cnbf.org.br\/index.php\/wp-json\/wp\/v2\/comments?post=1337"}],"version-history":[{"count":17,"href":"https:\/\/www.cnbf.org.br\/index.php\/wp-json\/wp\/v2\/posts\/1337\/revisions"}],"predecessor-version":[{"id":1409,"href":"https:\/\/www.cnbf.org.br\/index.php\/wp-json\/wp\/v2\/posts\/1337\/revisions\/1409"}],"wp:featuredmedia":[{"embeddable":true,"href":"https:\/\/www.cnbf.org.br\/index.php\/wp-json\/wp\/v2\/media\/1293"}],"wp:attachment":[{"href":"https:\/\/www.cnbf.org.br\/index.php\/wp-json\/wp\/v2\/media?parent=1337"}],"wp:term":[{"taxonomy":"category","embeddable":true,"href":"https:\/\/www.cnbf.org.br\/index.php\/wp-json\/wp\/v2\/categories?post=1337"},{"taxonomy":"post_tag","embeddable":true,"href":"https:\/\/www.cnbf.org.br\/index.php\/wp-json\/wp\/v2\/tags?post=1337"}],"curies":[{"name":"wp","href":"https:\/\/api.w.org\/{rel}","templated":true}]}}