{"id":1292,"date":"2025-11-05T22:01:28","date_gmt":"2025-11-06T01:01:28","guid":{"rendered":"https:\/\/www.cnbf.org.br\/?p=1292"},"modified":"2025-12-05T11:27:06","modified_gmt":"2025-12-05T14:27:06","slug":"conheca-o-local-do-xxxii-campeonato-nacional-de-bandas-e-fanfarras-da-cnbf","status":"publish","type":"post","link":"https:\/\/www.cnbf.org.br\/index.php\/2025\/11\/05\/conheca-o-local-do-xxxii-campeonato-nacional-de-bandas-e-fanfarras-da-cnbf\/","title":{"rendered":"Conhe\u00e7a o local do XXXII Campeonato Nacional de Bandas e Fanfarras da CNBF"},"content":{"rendered":"<p><span style=\"font-family: arial, helvetica, sans-serif;\">A Confedera\u00e7\u00e3o Nacional de Bandas e Fanfarras (CNBF) anunciou oficialmente que o <strong data-start=\"497\" data-end=\"548\">XXXII Campeonato Nacional de Bandas e Fanfarras<\/strong> ser\u00e1 realizado na <strong data-start=\"567\" data-end=\"626\">Avenida Elias Agostinho, Praia de Imbetiba \u2013 Maca\u00e9 (RJ)<\/strong>. A escolha da orla de Imbetiba marca uma nova fase para o evento, unindo excel\u00eancia art\u00edstica, localiza\u00e7\u00e3o praiana e estrutura urbana de apoio.<\/span><\/p>\n<h3 data-start=\"772\" data-end=\"794\"><span style=\"font-family: arial, helvetica, sans-serif;\">O local<\/span><\/h3>\n<p data-start=\"795\" data-end=\"2096\"><span style=\"font-family: arial, helvetica, sans-serif;\">A Praia de Imbetiba, localizada em Maca\u00e9, no litoral norte do estado do Rio de Janeiro, ser\u00e1 o palco para mais uma edi\u00e7\u00e3o marcante do campeonato nacional de bandas e fanfarras. A avenida Elias Agostinho refere-se \u00e0 via que percorre a faixa costeira da Imbetiba, oferecendo boa visibilidade e f\u00e1cil acesso.<\/span><\/p>\n<p data-start=\"795\" data-end=\"2096\"><span style=\"font-family: arial, helvetica, sans-serif;\">Al\u00e9m da beleza da orla, o munic\u00edpio conta com uma rede hoteleira s\u00f3lida, op\u00e7\u00f5es de hospedagem para diversos or\u00e7amentos e toda a infraestrutura de apoio necess\u00e1ria \u2014 desde alimenta\u00e7\u00e3o e lazer at\u00e9 rede de sa\u00fade e servi\u00e7os.<\/span><\/p>\n<p data-start=\"795\" data-end=\"2096\"><span style=\"font-family: arial, helvetica, sans-serif;\">Para quem vem de fora, o acesso ao local est\u00e1 bem coberto: tanto por estrada quanto por \u00f4nibus intermunicipais, com sa\u00eddas regulares da capital e de outras regi\u00f5es. Quem parte de aeroportos ou cidades mais distantes poder\u00e1 combinar voo + estrada com conforto e seguran\u00e7a.<\/span><\/p>\n<p data-start=\"795\" data-end=\"2096\"><span style=\"font-family: arial, helvetica, sans-serif;\">A regi\u00e3o central e de orla de Maca\u00e9 foi preparada para receber visitantes \u2014 isso agrada tanto aos participantes das corpora\u00e7\u00f5es quanto aos familiares, torcedores e simpatizantes da cultura das bandas e fanfarras.<\/span><\/p>\n<p data-start=\"795\" data-end=\"2096\"><span style=\"font-family: arial, helvetica, sans-serif;\">A CNBF convoca todos os <strong data-start=\"1839\" data-end=\"1904\">amantes e simpatizantes das bandas e fanfarras de todo o pa\u00eds<\/strong> a participarem desse grande encontro cultural, que promete m\u00fasica, dan\u00e7a, arte, espet\u00e1culo e muita emo\u00e7\u00e3o. Prepare sua corpora\u00e7\u00e3o, sua torcida e venha fazer parte desta grande festa nacional!<\/span><\/p>\n<h3 data-start=\"2098\" data-end=\"2129\"><span style=\"font-family: arial, helvetica, sans-serif;\">Ent\u00e3o \u00e9 isso!<\/span><\/h3>\n<p data-start=\"2130\" data-end=\"2529\"><span style=\"font-family: arial, helvetica, sans-serif;\">N\u00e3o fique de fora: o XXXII Campeonato Nacional de Bandas e Fanfarras ser\u00e1 uma oportunidade \u00fanica de confraterniza\u00e7\u00e3o, competi\u00e7\u00e3o saud\u00e1vel e celebra\u00e7\u00e3o da cultura marcial musical brasileira. Se voc\u00ea toca, comp\u00f5e, marcha, apoia ou simplesmente vibra com o som das fanfarras \u2014 reserve a sua data, fa\u00e7a a sua inscri\u00e7\u00e3o, garanta hospedagem e venha para Maca\u00e9 viver esse espet\u00e1culo. Nos vemos em Imbetiba!<\/span><\/p>\n<hr \/>\n<p style=\"text-align: center;\" data-start=\"2130\" data-end=\"2529\">Evento da CNBF com a parceria da <strong>Prefeitura Municipal de Maca\u00e9 e da Secretaria de Cultura e Economia Criativa do Estado do Rio de Janeiro<\/strong><\/p>\n<p style=\"text-align: center;\" data-start=\"2130\" data-end=\"2529\">Patroc\u00ednio: <strong>Roriz, Adah, Brink Mobil, Luen e Fera ProArt<\/strong><\/p>\n<p style=\"text-align: center;\" data-start=\"2130\" data-end=\"2529\">Apoio: <strong>PlanetaBandas Bandas e Fanfarras do Brasil<\/strong><\/p>\n<hr \/>\n<div class=\"no-scrollbar flex min-h-36 flex-nowrap gap-0.5 overflow-auto sm:gap-1 sm:overflow-hidden xl:min-h-44 mt-1 mb-5 [&amp;:not(:first-child)]:mt-4\">\n<div class=\"border-token-border-default relative w-32 shrink-0 overflow-hidden rounded-xl border-[0.5px] md:shrink max-h-64 sm:w-[calc((100%-0.5rem)\/3)] rounded-e-xl\">\n<h2><span style=\"font-family: arial, helvetica, sans-serif;\">\ud83e\udd50 Onde Comer Perto da Praia de Imbetiba<\/span><\/h2>\n<\/div>\n<\/div>\n<div class=\"no-scrollbar flex min-h-36 flex-nowrap gap-0.5 overflow-auto sm:gap-1 sm:overflow-hidden xl:min-h-44 mt-1 mb-5 [&amp;:not(:first-child)]:mt-4\">\n<div class=\"border-token-border-default relative w-32 shrink-0 overflow-hidden rounded-xl border-[0.5px] md:shrink max-h-64 sm:w-[calc((100%-0.5rem)\/3)] rounded-s-xl\">\n<div><span style=\"font-family: arial, helvetica, sans-serif;\"><img loading=\"lazy\" decoding=\"async\" class=\"bg-token-main-surface-tertiary m-0 h-full w-full object-cover\" src=\"https:\/\/dynamic-media-cdn.tripadvisor.com\/media\/photo-o\/14\/fa\/dd\/eb\/padaria-panini-sempre.jpg?h=-1&amp;s=1&amp;w=500\" alt=\"https:\/\/dynamic-media-cdn.tripadvisor.com\/media\/photo-o\/14\/fa\/dd\/eb\/padaria-panini-sempre.jpg?h=-1&amp;s=1&amp;w=500\" width=\"271\" height=\"203\" \/>\u00a0 \u00a0<img loading=\"lazy\" decoding=\"async\" class=\"bg-token-main-surface-tertiary m-0 h-full w-full object-cover\" src=\"https:\/\/staginganotaai.s3.us-west-2.amazonaws.com\/produtos\/1688507056992blob\" alt=\"https:\/\/staginganotaai.s3.us-west-2.amazonaws.com\/produtos\/1688507056992blob\" width=\"203\" height=\"203\" \/>\u00a0 \u00a0<\/span><\/div>\n<\/div>\n<\/div>\n<div class=\"_tableContainer_1rjym_1\">\n<div class=\"group _tableWrapper_1rjym_13 flex w-fit flex-col-reverse\" tabindex=\"-1\">\n<table class=\"w-fit min-w-(--thread-content-width)\" data-start=\"621\" data-end=\"1058\">\n<thead data-start=\"621\" data-end=\"682\">\n<tr data-start=\"621\" data-end=\"682\">\n<th data-start=\"621\" data-end=\"639\" data-col-size=\"sm\"><span style=\"font-family: arial, helvetica, sans-serif;\">Estabelecimento<\/span><\/th>\n<th data-start=\"639\" data-end=\"646\" data-col-size=\"sm\"><span style=\"font-family: arial, helvetica, sans-serif;\">Tipo<\/span><\/th>\n<th data-start=\"646\" data-end=\"667\" data-col-size=\"sm\"><span style=\"font-family: arial, helvetica, sans-serif;\">Dist\u00e2ncia do local<\/span><\/th>\n<th data-start=\"667\" data-end=\"682\" data-col-size=\"sm\"><span style=\"font-family: arial, helvetica, sans-serif;\">Observa\u00e7\u00f5es<\/span><\/th>\n<\/tr>\n<\/thead>\n<tbody data-start=\"701\" data-end=\"1058\">\n<tr data-start=\"701\" data-end=\"787\">\n<td data-start=\"701\" data-end=\"741\" data-col-size=\"sm\"><span style=\"font-family: arial, helvetica, sans-serif;\"><strong data-start=\"703\" data-end=\"740\">Padaria &amp; Confeitaria Ponto Certo<\/strong><\/span><\/td>\n<td data-start=\"741\" data-end=\"751\" data-col-size=\"sm\"><span style=\"font-family: arial, helvetica, sans-serif;\">Padaria<\/span><\/td>\n<td data-start=\"751\" data-end=\"760\" data-col-size=\"sm\"><span style=\"font-family: arial, helvetica, sans-serif;\">~350 m<\/span><\/td>\n<td data-start=\"760\" data-end=\"787\" data-col-size=\"sm\"><span style=\"font-family: arial, helvetica, sans-serif;\">Caf\u00e9 da manh\u00e3 refor\u00e7ado<\/span><\/td>\n<\/tr>\n<tr data-start=\"788\" data-end=\"874\">\n<td data-start=\"788\" data-end=\"827\" data-col-size=\"sm\"><span style=\"font-family: arial, helvetica, sans-serif;\"><strong data-start=\"790\" data-end=\"826\">Padaria e Confeitaria P\u00e3es &amp; Cia<\/strong><\/span><\/td>\n<td data-start=\"827\" data-end=\"837\" data-col-size=\"sm\"><span style=\"font-family: arial, helvetica, sans-serif;\">Padaria<\/span><\/td>\n<td data-start=\"837\" data-end=\"846\" data-col-size=\"sm\"><span style=\"font-family: arial, helvetica, sans-serif;\">~600 m<\/span><\/td>\n<td data-start=\"846\" data-end=\"874\" data-col-size=\"sm\"><span style=\"font-family: arial, helvetica, sans-serif;\">Op\u00e7\u00e3o econ\u00f4mica e r\u00e1pida<\/span><\/td>\n<\/tr>\n<tr data-start=\"875\" data-end=\"971\">\n<td data-start=\"875\" data-end=\"912\" data-col-size=\"sm\"><span style=\"font-family: arial, helvetica, sans-serif;\"><strong data-start=\"877\" data-end=\"911\">Lanchonete da Praia (Imbetiba)<\/strong><\/span><\/td>\n<td data-start=\"912\" data-end=\"930\" data-col-size=\"sm\"><span style=\"font-family: arial, helvetica, sans-serif;\">Lanches r\u00e1pidos<\/span><\/td>\n<td data-start=\"930\" data-end=\"939\" data-col-size=\"sm\"><span style=\"font-family: arial, helvetica, sans-serif;\">~200 m<\/span><\/td>\n<td data-start=\"939\" data-end=\"971\" data-col-size=\"sm\"><span style=\"font-family: arial, helvetica, sans-serif;\">\u00d3tima para intervalos curtos<\/span><\/td>\n<\/tr>\n<tr data-start=\"972\" data-end=\"1058\">\n<td data-start=\"972\" data-end=\"1007\" data-col-size=\"sm\"><span style=\"font-family: arial, helvetica, sans-serif;\"><strong data-start=\"974\" data-end=\"1006\">Kiosques da Orla de Imbetiba<\/strong><\/span><\/td>\n<td data-start=\"1007\" data-end=\"1023\" data-col-size=\"sm\"><span style=\"font-family: arial, helvetica, sans-serif;\">V\u00e1rias op\u00e7\u00f5es<\/span><\/td>\n<td data-start=\"1023\" data-end=\"1037\" data-col-size=\"sm\"><span style=\"font-family: arial, helvetica, sans-serif;\">\u00c0 beira-mar<\/span><\/td>\n<td data-start=\"1037\" data-end=\"1058\" data-col-size=\"sm\"><span style=\"font-family: arial, helvetica, sans-serif;\">Bebidas e por\u00e7\u00f5es<\/span><\/td>\n<\/tr>\n<\/tbody>\n<\/table>\n<\/div>\n<\/div>\n<p data-start=\"1060\" data-end=\"1121\"><span style=\"font-family: arial, helvetica, sans-serif;\">\ud83d\udc49 <em data-start=\"1063\" data-end=\"1121\">Hor\u00e1rios podem variar \u2014 especialmente domingos e noites.<\/em><\/span><\/p>\n<hr data-start=\"1123\" data-end=\"1126\" \/>\n<h2 data-start=\"1128\" data-end=\"1162\"><span style=\"font-family: arial, helvetica, sans-serif;\">\ud83d\uded2 Supermercados &amp; Conveni\u00eancias<\/span><\/h2>\n<div class=\"no-scrollbar flex min-h-36 flex-nowrap gap-0.5 overflow-auto sm:gap-1 sm:overflow-hidden xl:min-h-44 mt-1 mb-5 [&amp;:not(:first-child)]:mt-4\">\n<div class=\"border-token-border-default relative w-32 shrink-0 overflow-hidden rounded-xl border-[0.5px] md:shrink max-h-64 sm:w-[calc((100%-0.5rem)\/3)] rounded-s-xl\">\n<div><span style=\"font-family: arial, helvetica, sans-serif;\"><img loading=\"lazy\" decoding=\"async\" class=\"bg-token-main-surface-tertiary m-0 h-full w-full object-cover\" src=\"https:\/\/gironews.com\/wp-content\/uploads\/gironews-antigo\/destaques\/2d2545c4-163c-4424-9763-567b19ad14e1_suppermarket.png\" alt=\"https:\/\/gironews.com\/wp-content\/uploads\/gironews-antigo\/destaques\/2d2545c4-163c-4424-9763-567b19ad14e1_suppermarket.png\" width=\"181\" height=\"217\" \/>\u00a0 \u00a0<img loading=\"lazy\" decoding=\"async\" class=\"bg-token-main-surface-tertiary m-0 h-full w-full object-cover\" src=\"https:\/\/medidaengenharia.com\/wp-content\/uploads\/2021\/11\/20191003_090627-1.jpg\" alt=\"https:\/\/medidaengenharia.com\/wp-content\/uploads\/2021\/11\/20191003_090627-1.jpg\" width=\"291\" height=\"218\" \/><\/span><\/div>\n<\/div>\n<\/div>\n<div class=\"_tableContainer_1rjym_1\">\n<div class=\"group _tableWrapper_1rjym_13 flex w-fit flex-col-reverse\" tabindex=\"-1\">\n<table class=\"w-fit min-w-(--thread-content-width)\" data-start=\"1206\" data-end=\"1453\">\n<thead data-start=\"1206\" data-end=\"1244\">\n<tr data-start=\"1206\" data-end=\"1244\">\n<th data-start=\"1206\" data-end=\"1224\" data-col-size=\"sm\"><span style=\"font-family: arial, helvetica, sans-serif;\">Estabelecimento<\/span><\/th>\n<th data-start=\"1224\" data-end=\"1236\" data-col-size=\"sm\"><span style=\"font-family: arial, helvetica, sans-serif;\">Dist\u00e2ncia<\/span><\/th>\n<th data-start=\"1236\" data-end=\"1244\" data-col-size=\"sm\"><span style=\"font-family: arial, helvetica, sans-serif;\">Tipo<\/span><\/th>\n<\/tr>\n<\/thead>\n<tbody data-start=\"1260\" data-end=\"1453\">\n<tr data-start=\"1260\" data-end=\"1317\">\n<td data-start=\"1260\" data-end=\"1287\" data-col-size=\"sm\"><span style=\"font-family: arial, helvetica, sans-serif;\"><strong data-start=\"1262\" data-end=\"1286\">Supermarket Imbetiba<\/strong><\/span><\/td>\n<td data-start=\"1287\" data-end=\"1296\" data-col-size=\"sm\"><span style=\"font-family: arial, helvetica, sans-serif;\">~850 m<\/span><\/td>\n<td data-start=\"1296\" data-end=\"1317\" data-col-size=\"sm\"><span style=\"font-family: arial, helvetica, sans-serif;\">Mercadinho r\u00e1pido<\/span><\/td>\n<\/tr>\n<tr data-start=\"1318\" data-end=\"1387\">\n<td data-start=\"1318\" data-end=\"1347\" data-col-size=\"sm\"><span style=\"font-family: arial, helvetica, sans-serif;\"><strong data-start=\"1320\" data-end=\"1346\">Super Bom Maca\u00e9 Centro<\/strong><\/span><\/td>\n<td data-start=\"1347\" data-end=\"1357\" data-col-size=\"sm\"><span style=\"font-family: arial, helvetica, sans-serif;\">~1,3 km<\/span><\/td>\n<td data-start=\"1357\" data-end=\"1387\" data-col-size=\"sm\"><span style=\"font-family: arial, helvetica, sans-serif;\">Rede tradicional da cidade<\/span><\/td>\n<\/tr>\n<tr data-start=\"1388\" data-end=\"1453\">\n<td data-start=\"1388\" data-end=\"1409\" data-col-size=\"sm\"><span style=\"font-family: arial, helvetica, sans-serif;\"><strong data-start=\"1390\" data-end=\"1408\">Atacad\u00e3o Maca\u00e9<\/strong><\/span><\/td>\n<td data-start=\"1409\" data-end=\"1417\" data-col-size=\"sm\"><span style=\"font-family: arial, helvetica, sans-serif;\">~3 km<\/span><\/td>\n<td data-start=\"1417\" data-end=\"1453\" data-col-size=\"sm\"><span style=\"font-family: arial, helvetica, sans-serif;\">Maior escala \u2014 ideal para grupos<\/span><\/td>\n<\/tr>\n<\/tbody>\n<\/table>\n<\/div>\n<\/div>\n<hr data-start=\"1455\" data-end=\"1458\" \/>\n<h2 data-start=\"1460\" data-end=\"1483\"><span style=\"font-family: arial, helvetica, sans-serif;\">\ud83c\udfe5 Sa\u00fade &amp; Emerg\u00eancia<\/span><\/h2>\n<div class=\"no-scrollbar flex min-h-36 flex-nowrap gap-0.5 overflow-auto sm:gap-1 sm:overflow-hidden xl:min-h-44 mt-1 mb-5 [&amp;:not(:first-child)]:mt-4\">\n<div class=\"border-token-border-default relative w-32 shrink-0 overflow-hidden rounded-xl border-[0.5px] md:shrink max-h-64 sm:w-[calc((100%-0.5rem)\/3)] rounded-s-xl\">\n<div><span style=\"font-family: arial, helvetica, sans-serif;\"><img loading=\"lazy\" decoding=\"async\" class=\"bg-token-main-surface-tertiary m-0 h-full w-full object-cover\" src=\"https:\/\/vault.pulsarimagens.com.br\/file\/preview\/09LW920.jpg\" alt=\"https:\/\/vault.pulsarimagens.com.br\/file\/preview\/09LW920.jpg\" width=\"350\" height=\"233\" \/> <img loading=\"lazy\" decoding=\"async\" class=\"bg-token-main-surface-tertiary m-0 h-full w-full object-cover\" src=\"https:\/\/macae.rj.gov.br\/midia\/noticias\/48871\/1637781188.jpg\" alt=\"https:\/\/macae.rj.gov.br\/midia\/noticias\/48871\/1637781188.jpg\" width=\"351\" height=\"234\" \/><\/span><\/div>\n<\/div>\n<\/div>\n<div class=\"_tableContainer_1rjym_1\">\n<div class=\"group _tableWrapper_1rjym_13 flex w-fit flex-col-reverse\" tabindex=\"-1\">\n<table class=\"w-fit min-w-(--thread-content-width)\" data-start=\"1527\" data-end=\"1788\">\n<thead data-start=\"1527\" data-end=\"1562\">\n<tr data-start=\"1527\" data-end=\"1562\">\n<th data-start=\"1527\" data-end=\"1535\" data-col-size=\"md\"><span style=\"font-family: arial, helvetica, sans-serif;\">Local<\/span><\/th>\n<th data-start=\"1535\" data-end=\"1547\" data-col-size=\"sm\"><span style=\"font-family: arial, helvetica, sans-serif;\">Dist\u00e2ncia<\/span><\/th>\n<th data-start=\"1547\" data-end=\"1562\" data-col-size=\"sm\"><span style=\"font-family: arial, helvetica, sans-serif;\">Atendimento<\/span><\/th>\n<\/tr>\n<\/thead>\n<tbody data-start=\"1578\" data-end=\"1788\">\n<tr data-start=\"1578\" data-end=\"1675\">\n<td data-start=\"1578\" data-end=\"1647\" data-col-size=\"md\"><span style=\"font-family: arial, helvetica, sans-serif;\"><strong data-start=\"1580\" data-end=\"1646\">HPM \u2013 Hospital P\u00fablico Municipal Dr. Fernando Pereira da Silva<\/strong><\/span><\/td>\n<td data-start=\"1647\" data-end=\"1655\" data-col-size=\"sm\"><span style=\"font-family: arial, helvetica, sans-serif;\">~2 km<\/span><\/td>\n<td data-start=\"1655\" data-end=\"1675\" data-col-size=\"sm\"><span style=\"font-family: arial, helvetica, sans-serif;\">Emerg\u00eancia geral<\/span><\/td>\n<\/tr>\n<tr data-start=\"1676\" data-end=\"1730\">\n<td data-start=\"1676\" data-end=\"1704\" data-col-size=\"md\"><span style=\"font-family: arial, helvetica, sans-serif;\"><strong data-start=\"1678\" data-end=\"1703\">Hospital Unimed Maca\u00e9<\/strong><\/span><\/td>\n<td data-start=\"1704\" data-end=\"1714\" data-col-size=\"sm\"><span style=\"font-family: arial, helvetica, sans-serif;\">~3,5 km<\/span><\/td>\n<td data-start=\"1714\" data-end=\"1730\" data-col-size=\"sm\"><span style=\"font-family: arial, helvetica, sans-serif;\">Rede privada<\/span><\/td>\n<\/tr>\n<tr data-start=\"1731\" data-end=\"1788\">\n<td data-start=\"1731\" data-end=\"1760\" data-col-size=\"md\"><span style=\"font-family: arial, helvetica, sans-serif;\"><strong data-start=\"1733\" data-end=\"1759\">UPA Barra \/ Imboassica<\/strong><\/span><\/td>\n<td data-start=\"1760\" data-end=\"1770\" data-col-size=\"sm\"><span style=\"font-family: arial, helvetica, sans-serif;\">~6,5 km<\/span><\/td>\n<td data-start=\"1770\" data-end=\"1788\" data-col-size=\"sm\"><span style=\"font-family: arial, helvetica, sans-serif;\">Emerg\u00eancia 24h<\/span><\/td>\n<\/tr>\n<\/tbody>\n<\/table>\n<\/div>\n<\/div>\n<p data-start=\"1790\" data-end=\"1889\"><span style=\"font-family: arial, helvetica, sans-serif;\">\ud83d\udccc <strong data-start=\"1793\" data-end=\"1825\">Recomenda\u00e7\u00e3o para delega\u00e7\u00f5es<\/strong> \u2192 deixar rota salva no celular + contato r\u00e1pido da organiza\u00e7\u00e3o.<\/span><\/p>\n<hr data-start=\"1891\" data-end=\"1894\" \/>\n<h1 data-start=\"1896\" data-end=\"1919\"><span style=\"font-family: arial, helvetica, sans-serif;\">\ud83d\ude95 Transporte Interno<\/span><\/h1>\n<div class=\"_tableContainer_1rjym_1\">\n<div class=\"group _tableWrapper_1rjym_13 flex w-fit flex-col-reverse\" tabindex=\"-1\">\n<table class=\"w-fit min-w-(--thread-content-width)\" data-start=\"1921\" data-end=\"2097\">\n<thead data-start=\"1921\" data-end=\"1948\">\n<tr data-start=\"1921\" data-end=\"1948\">\n<th data-start=\"1921\" data-end=\"1929\" data-col-size=\"sm\"><span style=\"font-family: arial, helvetica, sans-serif;\">Modal<\/span><\/th>\n<th data-start=\"1929\" data-end=\"1948\" data-col-size=\"sm\"><span style=\"font-family: arial, helvetica, sans-serif;\">Disponibilidade<\/span><\/th>\n<\/tr>\n<\/thead>\n<tbody data-start=\"1959\" data-end=\"2097\">\n<tr data-start=\"1959\" data-end=\"1996\">\n<td data-start=\"1959\" data-end=\"1966\" data-col-size=\"sm\"><span style=\"font-family: arial, helvetica, sans-serif;\">T\u00e1xi<\/span><\/td>\n<td data-start=\"1966\" data-end=\"1996\" data-col-size=\"sm\"><span style=\"font-family: arial, helvetica, sans-serif;\">Pontos no centro e na orla<\/span><\/td>\n<\/tr>\n<tr data-start=\"1997\" data-end=\"2043\">\n<td data-start=\"1997\" data-end=\"2011\" data-col-size=\"sm\"><span style=\"font-family: arial, helvetica, sans-serif;\">Aplicativos<\/span><\/td>\n<td data-start=\"2011\" data-end=\"2043\" data-col-size=\"sm\"><span style=\"font-family: arial, helvetica, sans-serif;\">99 e Uber operam normalmente<\/span><\/td>\n<\/tr>\n<tr data-start=\"2044\" data-end=\"2097\">\n<td data-start=\"2044\" data-end=\"2062\" data-col-size=\"sm\"><span style=\"font-family: arial, helvetica, sans-serif;\">Vans municipais<\/span><\/td>\n<td data-start=\"2062\" data-end=\"2097\" data-col-size=\"sm\"><span style=\"font-family: arial, helvetica, sans-serif;\">Circulam entre bairros centrais<\/span><\/td>\n<\/tr>\n<\/tbody>\n<\/table>\n<\/div>\n<\/div>\n<hr data-start=\"2099\" data-end=\"2102\" \/>\n<h1 data-start=\"2104\" data-end=\"2128\"><span style=\"font-family: arial, helvetica, sans-serif;\">\ud83d\udccd Mapas e Localiza\u00e7\u00e3o<\/span><\/h1>\n<p data-start=\"2130\" data-end=\"2244\"><span style=\"font-family: arial, helvetica, sans-serif;\">Avenida Elias Agostinho \u2013 Praia de Imbetiba (Maca\u00e9\/RJ)<\/span><br data-start=\"2184\" data-end=\"2187\" \/><span style=\"font-family: arial, helvetica, sans-serif;\">Mapa do Google: <a class=\"decorated-link cursor-pointer\" href=\"https:\/\/maps.app.goo.gl\/8ow3F2uYeGDRvv8E6\" target=\"_new\" rel=\"noopener\" data-start=\"2203\" data-end=\"2244\">https:\/\/maps.app.goo.gl\/8ow3F2uYeGDRvv8E6<\/a><\/span><\/p>\n<p data-start=\"2246\" data-end=\"2359\"><span style=\"font-family: arial, helvetica, sans-serif;\">\ud83c\udd7f\ufe0f <strong data-start=\"2250\" data-end=\"2268\">Estacionamento<\/strong>: h\u00e1 \u00e1reas ao longo da orla \u2014 organiza\u00e7\u00e3o pode sinalizar locais exclusivos para delega\u00e7\u00f5es.<\/span><\/p>\n<hr data-start=\"2361\" data-end=\"2364\" \/>\n<h1 data-start=\"2366\" data-end=\"2406\"><span style=\"font-family: arial, helvetica, sans-serif;\">\ud83e\udded Mapas de Acesso \u2014 Sa\u00eddas Principais<\/span><\/h1>\n<div class=\"no-scrollbar flex min-h-36 flex-nowrap gap-0.5 overflow-auto sm:gap-1 sm:overflow-hidden xl:min-h-44 mt-1 mb-5 [&amp;:not(:first-child)]:mt-4\">\n<div class=\"border-token-border-default relative w-32 shrink-0 overflow-hidden rounded-xl border-[0.5px] md:shrink max-h-64 sm:w-[calc((100%-0.5rem)\/3)] rounded-s-xl\">\n<div><span style=\"font-family: arial, helvetica, sans-serif;\"><img loading=\"lazy\" decoding=\"async\" class=\"bg-token-main-surface-tertiary m-0 h-full w-full object-cover\" src=\"https:\/\/upload.wikimedia.org\/wikipedia\/commons\/thumb\/2\/27\/RiodeJaneiro_Municip_Macae.svg\/250px-RiodeJaneiro_Municip_Macae.svg.png\" alt=\"https:\/\/upload.wikimedia.org\/wikipedia\/commons\/thumb\/2\/27\/RiodeJaneiro_Municip_Macae.svg\/250px-RiodeJaneiro_Municip_Macae.svg.png\" width=\"356\" height=\"256\" \/>\u00a0 <img loading=\"lazy\" decoding=\"async\" class=\"bg-token-main-surface-tertiary m-0 h-full w-full object-cover\" src=\"https:\/\/upload.wikimedia.org\/wikipedia\/commons\/thumb\/6\/6e\/RJ106AmaralPeixoto.JPG\/1200px-RJ106AmaralPeixoto.JPG\" alt=\"https:\/\/upload.wikimedia.org\/wikipedia\/commons\/thumb\/6\/6e\/RJ106AmaralPeixoto.JPG\/1200px-RJ106AmaralPeixoto.JPG\" width=\"498\" height=\"256\" \/><\/span><\/div>\n<div><span style=\"font-family: arial, helvetica, sans-serif;\">\u00a0 <\/span><span style=\"font-family: arial, helvetica, sans-serif;\">\u2705 Do Rio de Janeiro (Centro)<\/span><\/div>\n<\/div>\n<\/div>\n<p data-start=\"2483\" data-end=\"2499\"><span style=\"font-family: arial, helvetica, sans-serif;\">\ud83d\ude97 <strong data-start=\"2486\" data-end=\"2499\">2h30 a 3h<\/strong><\/span><\/p>\n<ul data-start=\"2500\" data-end=\"2583\">\n<li data-start=\"2500\" data-end=\"2552\">\n<p data-start=\"2502\" data-end=\"2552\"><span style=\"font-family: arial, helvetica, sans-serif;\">Acessar a <strong data-start=\"2512\" data-end=\"2522\">RJ-106<\/strong> (via Regi\u00e3o dos Lagos) <strong data-start=\"2546\" data-end=\"2552\">ou<\/strong><\/span><\/p>\n<\/li>\n<li data-start=\"2553\" data-end=\"2583\">\n<p data-start=\"2555\" data-end=\"2583\"><span style=\"font-family: arial, helvetica, sans-serif;\">Via <strong data-start=\"2559\" data-end=\"2569\">BR-101<\/strong> sentido norte<\/span><\/p>\n<\/li>\n<\/ul>\n<p data-start=\"2585\" data-end=\"2659\"><span style=\"font-family: arial, helvetica, sans-serif;\">\ud83d\ude8c Rodovi\u00e1ria Novo Rio \u2192 Maca\u00e9<\/span><br data-start=\"2615\" data-end=\"2618\" \/><span style=\"font-family: arial, helvetica, sans-serif;\">Linhas frequentes (ex.: Auto Via\u00e7\u00e3o 1001)<\/span><\/p>\n<hr data-start=\"2661\" data-end=\"2664\" \/>\n<h3 data-start=\"2666\" data-end=\"2697\"><span style=\"font-family: arial, helvetica, sans-serif;\">\u2708\ufe0f Dos aeroportos (SDU\/GIG)<\/span><\/h3>\n<ul data-start=\"2698\" data-end=\"2863\">\n<li data-start=\"2698\" data-end=\"2734\">\n<p data-start=\"2700\" data-end=\"2734\"><span style=\"font-family: arial, helvetica, sans-serif;\">Transfer\/\u00f4nibus ou carro at\u00e9 Maca\u00e9<\/span><\/p>\n<\/li>\n<li data-start=\"2735\" data-end=\"2771\">\n<p data-start=\"2737\" data-end=\"2771\"><span style=\"font-family: arial, helvetica, sans-serif;\"><strong data-start=\"2737\" data-end=\"2748\">3h a 4h<\/strong> dependendo do tr\u00e2nsito<\/span><\/p>\n<\/li>\n<\/ul>\n<hr data-start=\"2865\" data-end=\"2868\" \/>\n<h3 data-start=\"2870\" data-end=\"2895\"><span style=\"font-family: arial, helvetica, sans-serif;\">\ud83d\udeeb De outras capitais<\/span><\/h3>\n<p data-start=\"2896\" data-end=\"2983\"><span style=\"font-family: arial, helvetica, sans-serif;\"><strong data-start=\"2896\" data-end=\"2935\">S\u00e3o Paulo, Curitiba, Bras\u00edlia \u2192 Rio<\/strong><\/span><br data-start=\"2935\" data-end=\"2938\" \/><span style=\"font-family: arial, helvetica, sans-serif;\">Depois seguir via BR-101 ou \u00f4nibus para Maca\u00e9<\/span><\/p>\n<p data-start=\"2985\" data-end=\"3011\"><span style=\"font-family: arial, helvetica, sans-serif;\"><strong data-start=\"2985\" data-end=\"3011\">Norte \/ Nordeste \/ Sul<\/strong><\/span><\/p>\n<ul data-start=\"3012\" data-end=\"3093\">\n<li data-start=\"3012\" data-end=\"3093\">\n<p data-start=\"3014\" data-end=\"3093\"><span style=\"font-family: arial, helvetica, sans-serif;\">Conex\u00e3o a\u00e9rea no RJ e deslocamento final por estrada<\/span><\/p>\n<\/li>\n<\/ul>\n<p data-start=\"3095\" data-end=\"3150\"><span style=\"font-family: arial, helvetica, sans-serif;\">\u2705 Aeroporto de Maca\u00e9 fica a <strong data-start=\"3123\" data-end=\"3131\">6 km<\/strong> do local do evento<\/span><\/p>\n<hr data-start=\"3152\" data-end=\"3155\" \/>\n<h2 data-start=\"3157\" data-end=\"3189\"><span style=\"font-family: arial, helvetica, sans-serif;\">\ud83d\udcce Links \u00dateis para Divulga\u00e7\u00e3o<\/span><\/h2>\n<div class=\"_tableContainer_1rjym_1\">\n<div class=\"group _tableWrapper_1rjym_13 flex w-fit flex-col-reverse\" tabindex=\"-1\">\n<table class=\"w-fit min-w-(--thread-content-width)\" data-start=\"3190\" data-end=\"3434\">\n<thead data-start=\"3190\" data-end=\"3211\">\n<tr data-start=\"3190\" data-end=\"3211\">\n<th data-start=\"3190\" data-end=\"3203\" data-col-size=\"sm\"><span style=\"font-family: arial, helvetica, sans-serif;\">Finalidade<\/span><\/th>\n<th data-start=\"3203\" data-end=\"3211\" data-col-size=\"md\"><span style=\"font-family: arial, helvetica, sans-serif;\">Link<\/span><\/th>\n<\/tr>\n<\/thead>\n<tbody data-start=\"3222\" data-end=\"3434\">\n<tr data-start=\"3222\" data-end=\"3293\">\n<td data-start=\"3222\" data-end=\"3248\" data-col-size=\"sm\"><span style=\"font-family: arial, helvetica, sans-serif;\">Mapa do Local do Evento<\/span><\/td>\n<td data-start=\"3248\" data-end=\"3293\" data-col-size=\"md\"><span style=\"font-family: arial, helvetica, sans-serif;\"><a class=\"decorated-link cursor-pointer\" target=\"_new\" rel=\"noopener\" data-start=\"3250\" data-end=\"3291\">https:\/\/maps.app.goo.gl\/8ow3F2uYeGDRvv8E6<\/a><\/span><\/td>\n<\/tr>\n<tr data-start=\"3294\" data-end=\"3367\">\n<td data-start=\"3294\" data-end=\"3322\" data-col-size=\"sm\"><span style=\"font-family: arial, helvetica, sans-serif;\">Terminal Rodovi\u00e1rio Maca\u00e9<\/span><\/td>\n<td data-start=\"3322\" data-end=\"3367\" data-col-size=\"md\"><span style=\"font-family: arial, helvetica, sans-serif;\"><a class=\"decorated-link cursor-pointer\" target=\"_new\" rel=\"noopener\" data-start=\"3324\" data-end=\"3365\">https:\/\/maps.app.goo.gl\/aK8w8pumQM8R82YQ8<\/a><\/span><\/td>\n<\/tr>\n<tr data-start=\"3368\" data-end=\"3434\">\n<td data-start=\"3368\" data-end=\"3389\" data-col-size=\"sm\"><span style=\"font-family: arial, helvetica, sans-serif;\">Aeroporto de Maca\u00e9 (regional)<\/span><\/td>\n<td data-start=\"3389\" data-end=\"3434\" data-col-size=\"md\"><span style=\"font-family: arial, helvetica, sans-serif;\"><a class=\"decorated-link cursor-pointer\" target=\"_new\" rel=\"noopener\" data-start=\"3391\" data-end=\"3432\">https:\/\/maps.app.goo.gl\/Ky7ARvPAhux9sygC8<\/a><\/span><\/td>\n<\/tr>\n<\/tbody>\n<\/table>\n<\/div>\n<\/div>\n<hr data-start=\"3436\" data-end=\"3439\" \/>\n<h1 data-start=\"3441\" data-end=\"3462\"><span style=\"font-family: arial, helvetica, sans-serif;\">\ud83c\udfba Chamamento Final<\/span><\/h1>\n<blockquote data-start=\"3464\" data-end=\"3759\">\n<p data-start=\"3466\" data-end=\"3759\"><span style=\"font-family: arial, helvetica, sans-serif;\"><strong data-start=\"3466\" data-end=\"3542\">Maca\u00e9 ser\u00e1 o palco da maior celebra\u00e7\u00e3o das bandas e fanfarras do Brasil.<\/strong><\/span><br data-start=\"3542\" data-end=\"3545\" \/><span style=\"font-family: arial, helvetica, sans-serif;\">A CNBF convida corpora\u00e7\u00f5es, m\u00fasicos, core\u00f3grafos, regentes, familiares e apaixonados pela arte marcial musical para viverem <strong data-start=\"3671\" data-end=\"3703\">uma experi\u00eancia inesquec\u00edvel<\/strong> na Praia de Imbetiba \u2014 onde a m\u00fasica ecoa junto ao mar.<\/span><\/p>\n<\/blockquote>\n<p data-start=\"3761\" data-end=\"3865\"><span style=\"font-family: arial, helvetica, sans-serif;\">\ud83d\udce3 <strong data-start=\"3764\" data-end=\"3865\">Prepare sua inscri\u00e7\u00e3o. Ajuste seu instrumento.<br data-start=\"3812\" data-end=\"3815\" \/>O Brasil inteiro vai marchar em dire\u00e7\u00e3o a Maca\u00e9!<\/strong><\/span><\/p>\n","protected":false},"excerpt":{"rendered":"<p>A Confedera\u00e7\u00e3o Nacional de Bandas e Fanfarras (CNBF) anunciou oficialmente que o XXXII Campeonato Nacional de Bandas e Fanfarras ser\u00e1 realizado na Avenida Elias Agostinho, Praia de Imbetiba \u2013 Maca\u00e9 (RJ). A escolha da orla de Imbetiba marca uma nova fase para o evento, unindo excel\u00eancia art\u00edstica, localiza\u00e7\u00e3o praiana e estrutura urbana de apoio. O [&hellip;]<\/p>\n","protected":false},"author":1,"featured_media":1293,"comment_status":"open","ping_status":"open","sticky":false,"template":"","format":"standard","meta":{"_jetpack_memberships_contains_paid_content":false,"footnotes":""},"categories":[85],"tags":[118,33,32,158,96,34,159,45],"class_list":["post-1292","post","type-post","status-publish","format-standard","has-post-thumbnail","hentry","category-nacional-2025","tag-br","tag-campeonato","tag-cnbf","tag-imbetiba","tag-macae","tag-nacional","tag-praia","tag-rio-de-janeiro"],"jetpack_featured_media_url":"https:\/\/www.cnbf.org.br\/wp-content\/uploads\/2025\/11\/nacional2025parceiros.jpg","wpmagazine_modules_lite_featured_media_urls":{"thumbnail":["https:\/\/www.cnbf.org.br\/wp-content\/uploads\/2025\/11\/nacional2025parceiros-150x150.jpg",150,150,true],"cvmm-medium":["https:\/\/www.cnbf.org.br\/wp-content\/uploads\/2025\/11\/nacional2025parceiros.jpg",300,176,false],"cvmm-medium-plus":["https:\/\/www.cnbf.org.br\/wp-content\/uploads\/2025\/11\/nacional2025parceiros.jpg",305,179,false],"cvmm-portrait":["https:\/\/www.cnbf.org.br\/wp-content\/uploads\/2025\/11\/nacional2025parceiros.jpg",400,235,false],"cvmm-medium-square":["https:\/\/www.cnbf.org.br\/wp-content\/uploads\/2025\/11\/nacional2025parceiros.jpg",600,352,false],"cvmm-large":["https:\/\/www.cnbf.org.br\/wp-content\/uploads\/2025\/11\/nacional2025parceiros.jpg",1024,600,false],"cvmm-small":["https:\/\/www.cnbf.org.br\/wp-content\/uploads\/2025\/11\/nacional2025parceiros.jpg",130,76,false],"full":["https:\/\/www.cnbf.org.br\/wp-content\/uploads\/2025\/11\/nacional2025parceiros.jpg",1182,693,false]},"categories_names":{"85":{"name":"NACIONAL 2025","link":"https:\/\/www.cnbf.org.br\/index.php\/category\/nacional-2025\/"}},"tags_names":{"118":{"name":"BR","link":"https:\/\/www.cnbf.org.br\/index.php\/tag\/br\/"},"33":{"name":"campeonato","link":"https:\/\/www.cnbf.org.br\/index.php\/tag\/campeonato\/"},"32":{"name":"cnbf","link":"https:\/\/www.cnbf.org.br\/index.php\/tag\/cnbf\/"},"158":{"name":"Imbetiba","link":"https:\/\/www.cnbf.org.br\/index.php\/tag\/imbetiba\/"},"96":{"name":"Maca\u00e9","link":"https:\/\/www.cnbf.org.br\/index.php\/tag\/macae\/"},"34":{"name":"nacional","link":"https:\/\/www.cnbf.org.br\/index.php\/tag\/nacional\/"},"159":{"name":"Praia","link":"https:\/\/www.cnbf.org.br\/index.php\/tag\/praia\/"},"45":{"name":"Rio de Janeiro","link":"https:\/\/www.cnbf.org.br\/index.php\/tag\/rio-de-janeiro\/"}},"comments_number":"0","jetpack_sharing_enabled":true,"_links":{"self":[{"href":"https:\/\/www.cnbf.org.br\/index.php\/wp-json\/wp\/v2\/posts\/1292","targetHints":{"allow":["GET"]}}],"collection":[{"href":"https:\/\/www.cnbf.org.br\/index.php\/wp-json\/wp\/v2\/posts"}],"about":[{"href":"https:\/\/www.cnbf.org.br\/index.php\/wp-json\/wp\/v2\/types\/post"}],"author":[{"embeddable":true,"href":"https:\/\/www.cnbf.org.br\/index.php\/wp-json\/wp\/v2\/users\/1"}],"replies":[{"embeddable":true,"href":"https:\/\/www.cnbf.org.br\/index.php\/wp-json\/wp\/v2\/comments?post=1292"}],"version-history":[{"count":1,"href":"https:\/\/www.cnbf.org.br\/index.php\/wp-json\/wp\/v2\/posts\/1292\/revisions"}],"predecessor-version":[{"id":1294,"href":"https:\/\/www.cnbf.org.br\/index.php\/wp-json\/wp\/v2\/posts\/1292\/revisions\/1294"}],"wp:featuredmedia":[{"embeddable":true,"href":"https:\/\/www.cnbf.org.br\/index.php\/wp-json\/wp\/v2\/media\/1293"}],"wp:attachment":[{"href":"https:\/\/www.cnbf.org.br\/index.php\/wp-json\/wp\/v2\/media?parent=1292"}],"wp:term":[{"taxonomy":"category","embeddable":true,"href":"https:\/\/www.cnbf.org.br\/index.php\/wp-json\/wp\/v2\/categories?post=1292"},{"taxonomy":"post_tag","embeddable":true,"href":"https:\/\/www.cnbf.org.br\/index.php\/wp-json\/wp\/v2\/tags?post=1292"}],"curies":[{"name":"wp","href":"https:\/\/api.w.org\/{rel}","templated":true}]}}