{"id":1187,"date":"2025-11-03T09:49:25","date_gmt":"2025-11-03T12:49:25","guid":{"rendered":"https:\/\/www.cnbf.org.br\/?p=1187"},"modified":"2025-12-05T11:27:14","modified_gmt":"2025-12-05T14:27:14","slug":"inscricoes-abertas-para-o-campeonato-nacional-de-bandas-e-fanfarras-da-cnbf-ultimos-dias","status":"publish","type":"post","link":"https:\/\/www.cnbf.org.br\/index.php\/2025\/11\/03\/inscricoes-abertas-para-o-campeonato-nacional-de-bandas-e-fanfarras-da-cnbf-ultimos-dias\/","title":{"rendered":"Inscri\u00e7\u00f5es Abertas para o Campeonato Nacional de Bandas e Fanfarras da CNBF \u2013 \u00daltimos Dias!"},"content":{"rendered":"<p data-start=\"223\" data-end=\"502\"><span style=\"font-family: arial, helvetica, sans-serif;\">A Confedera\u00e7\u00e3o Nacional de Bandas e Fanfarras (CNBF) convoca todas as <strong data-start=\"293\" data-end=\"361\">corpora\u00e7\u00f5es musicais classificadas em seus campeonatos estaduais<\/strong>, bem como <strong data-start=\"372\" data-end=\"415\">aquelas que receberam indica\u00e7\u00e3o oficial<\/strong>, a garantirem sua participa\u00e7\u00e3o no <strong data-start=\"450\" data-end=\"501\">XXXII Campeonato Nacional de Bandas e Fanfarras<\/strong>.<\/span><\/p>\n<p data-start=\"504\" data-end=\"783\"><span style=\"font-family: arial, helvetica, sans-serif;\">O evento, que este ano acontece na cidade de <strong data-start=\"549\" data-end=\"563\">Maca\u00e9 \u2013 RJ<\/strong>, reunir\u00e1 as melhores bandas e fanfarras do Brasil em um momento hist\u00f3rico para o movimento marcial nacional. Ser\u00e1 um encontro de excel\u00eancia t\u00e9cnica, musicalidade, supera\u00e7\u00e3o e integra\u00e7\u00e3o entre corpora\u00e7\u00f5es de todo o pa\u00eds.<\/span><\/p>\n<hr \/>\n<p style=\"text-align: center;\" data-start=\"504\" data-end=\"783\"><span style=\"font-family: 'arial black', sans-serif;\">LOCAL DO EVENTO: Avenida Elias Agostinho &#8211; Praia de Imbetiba &#8211; Maca\u00e9 &#8211; RJ<\/span><\/p>\n<table style=\"border-collapse: collapse; width: 100%;\">\n<tbody>\n<tr>\n<td style=\"width: 50%;\"><iframe loading=\"lazy\" style=\"border: 0;\" src=\"https:\/\/www.google.com\/maps\/embed?pb=!1m14!1m12!1m3!1d6204.432154220049!2d-41.77365402600275!3d-22.384667615875866!2m3!1f0!2f0!3f0!3m2!1i1024!2i768!4f13.1!5e0!3m2!1spt-BR!2sbr!4v1762265229654!5m2!1spt-BR!2sbr\" width=\"600\" height=\"450\" allowfullscreen=\"allowfullscreen\"><\/iframe><\/td>\n<td style=\"width: 50%;\"><img loading=\"lazy\" decoding=\"async\" class=\"aligncenter wp-image-1204 \" src=\"https:\/\/www.cnbf.org.br\/wp-content\/uploads\/2025\/11\/imbetiba-576x1024.jpg\" alt=\"Inscri\u00e7\u00f5es Abertas para o Campeonato Nacional de Bandas e Fanfarras da CNBF \u2013 \u00daltimos Dias!\" width=\"400\" height=\"711\" srcset=\"https:\/\/www.cnbf.org.br\/wp-content\/uploads\/2025\/11\/imbetiba-576x1024.jpg 576w, https:\/\/www.cnbf.org.br\/wp-content\/uploads\/2025\/11\/imbetiba-169x300.jpg 169w, https:\/\/www.cnbf.org.br\/wp-content\/uploads\/2025\/11\/imbetiba.jpg 720w\" sizes=\"auto, (max-width: 400px) 100vw, 400px\" \/><\/td>\n<\/tr>\n<\/tbody>\n<\/table>\n<p data-start=\"504\" data-end=\"783\">\n<hr data-start=\"785\" data-end=\"788\" \/>\n<h2 style=\"text-align: center;\" data-start=\"790\" data-end=\"819\"><span style=\"font-family: arial, helvetica, sans-serif;\">\u26d4 ATEN\u00c7\u00c3O, CORPORA\u00c7\u00d5ES!<\/span><\/h2>\n<h2 style=\"text-align: center;\" data-start=\"820\" data-end=\"894\"><span style=\"font-family: arial, helvetica, sans-serif;\">\ud83d\udccc <strong data-start=\"827\" data-end=\"892\">O PRAZO FINAL PARA INSCRI\u00c7\u00d5ES \u00c9 DIA 07 DE NOVEMBRO, \u00c0S 23H59!<\/strong><\/span><\/h2>\n<h2 style=\"text-align: center;\" data-start=\"895\" data-end=\"919\"><span style=\"font-family: arial, helvetica, sans-serif;\"><strong data-start=\"899\" data-end=\"919\">SEM PRORROGA\u00c7\u00c3O!<\/strong><\/span><\/h2>\n<hr data-start=\"921\" data-end=\"924\" \/>\n<p data-start=\"926\" data-end=\"1192\"><span style=\"font-family: arial, helvetica, sans-serif;\">As inscri\u00e7\u00f5es devem ser realizadas <a href=\"https:\/\/www.cnbf.org.br\/index.php\/inscricao-campeonato-nacional-2025\/\"><strong data-start=\"961\" data-end=\"1029\">exclusivamente pela plataforma oficial disponibilizada pela CNBF<\/strong>. <\/a><\/span><\/p>\n<p data-start=\"926\" data-end=\"1192\"><span style=\"font-family: arial, helvetica, sans-serif;\">Recomendamos que todas as corpora\u00e7\u00f5es n\u00e3o deixem para a \u00faltima hora, garantindo que toda a documenta\u00e7\u00e3o e requisitos estejam corretos e enviados dentro do prazo.<\/span><\/p>\n<p data-start=\"1194\" data-end=\"1256\"><span style=\"font-family: arial, helvetica, sans-serif;\">Participar do Campeonato Nacional \u00e9 uma oportunidade \u00fanica de:<\/span><\/p>\n<p data-start=\"1258\" data-end=\"1571\"><span style=\"font-family: arial, helvetica, sans-serif;\">\u2705 Representar seu estado em n\u00edvel nacional<\/span><br data-start=\"1300\" data-end=\"1303\" \/><span style=\"font-family: arial, helvetica, sans-serif;\">\u2705 Divulgar o trabalho da corpora\u00e7\u00e3o, m\u00fasicos e regentes<\/span><br data-start=\"1358\" data-end=\"1361\" \/><span style=\"font-family: arial, helvetica, sans-serif;\">\u2705 Viver uma experi\u00eancia inesquec\u00edvel em um dos maiores eventos do pa\u00eds<\/span><br data-start=\"1431\" data-end=\"1434\" \/><span style=\"font-family: arial, helvetica, sans-serif;\">\u2705 Competir entre as melhores bandas e fanfarras do Brasil<\/span><br data-start=\"1491\" data-end=\"1494\" \/><span style=\"font-family: arial, helvetica, sans-serif;\">\u2705 Receber avalia\u00e7\u00e3o de banca especializada e reconhecimento oficial da CNBF<\/span><\/p>\n<hr data-start=\"1573\" data-end=\"1576\" \/>\n<h3 data-start=\"1578\" data-end=\"1618\"><span style=\"font-family: arial, helvetica, sans-serif;\">\ud83d\udccd Em breve, mais informa\u00e7\u00f5es sobre:<\/span><\/h3>\n<ul data-start=\"1619\" data-end=\"1739\">\n<li data-start=\"1619\" data-end=\"1640\"><span style=\"font-family: arial, helvetica, sans-serif;\">Ordem de apresenta\u00e7\u00e3o<\/span><\/li>\n<li data-start=\"1665\" data-end=\"1681\"><span style=\"font-family: arial, helvetica, sans-serif;\">Organiza\u00e7\u00e3o do evento e log\u00edstica<\/span><\/li>\n<\/ul>\n<hr data-start=\"1741\" data-end=\"1744\" \/>\n<p data-start=\"1746\" data-end=\"1902\"><span style=\"font-family: arial, helvetica, sans-serif;\">A CNBF refor\u00e7a o seu compromisso com a valoriza\u00e7\u00e3o do meio marcial brasileiro e conta com a presen\u00e7a de todos aqueles que fazem a diferen\u00e7a em seus estados.<\/span><\/p>\n<p data-start=\"1904\" data-end=\"2030\"><span style=\"font-family: arial, helvetica, sans-serif;\">\ud83d\udce3 <strong data-start=\"1907\" data-end=\"1978\">Se sua corpora\u00e7\u00e3o est\u00e1 classificada ou indicada: N\u00c3O FIQUE DE FORA!<\/strong><\/span><br data-start=\"1978\" data-end=\"1981\" \/><span style=\"font-family: arial, helvetica, sans-serif;\">\ud83d\udcc5 <strong data-start=\"1984\" data-end=\"2010\">07 de novembro \u2013 23h59<\/strong> \u2013 prazo derradeiro!<\/span><\/p>\n<p data-start=\"2032\" data-end=\"2085\"><span style=\"font-family: arial, helvetica, sans-serif;\">Nos vemos em Maca\u00e9!<\/span><br data-start=\"2051\" data-end=\"2054\" \/><span style=\"font-family: arial, helvetica, sans-serif;\">\ud83c\udde7\ud83c\uddf7\ud83d\udd25 Rumo ao Nacional 2025!<\/span><\/p>\n","protected":false},"excerpt":{"rendered":"<p>A Confedera\u00e7\u00e3o Nacional de Bandas e Fanfarras (CNBF) convoca todas as corpora\u00e7\u00f5es musicais classificadas em seus campeonatos estaduais, bem como aquelas que receberam indica\u00e7\u00e3o oficial, a garantirem sua participa\u00e7\u00e3o no XXXII Campeonato Nacional de Bandas e Fanfarras. O evento, que este ano acontece na cidade de Maca\u00e9 \u2013 RJ, reunir\u00e1 as melhores bandas e fanfarras [&hellip;]<\/p>\n","protected":false},"author":1,"featured_media":1153,"comment_status":"open","ping_status":"open","sticky":false,"template":"","format":"standard","meta":{"_jetpack_memberships_contains_paid_content":false,"footnotes":""},"categories":[85],"tags":[89,35,36,117,96,34],"class_list":["post-1187","post","type-post","status-publish","format-standard","has-post-thumbnail","hentry","category-nacional-2025","tag-89","tag-bandas","tag-fanfarras","tag-inscricao","tag-macae","tag-nacional"],"jetpack_featured_media_url":"https:\/\/www.cnbf.org.br\/wp-content\/uploads\/2025\/10\/88bfe5a0-0fcb-4668-8756-70d9b772f100.jpg","wpmagazine_modules_lite_featured_media_urls":{"thumbnail":["https:\/\/www.cnbf.org.br\/wp-content\/uploads\/2025\/10\/88bfe5a0-0fcb-4668-8756-70d9b772f100-150x150.jpg",150,150,true],"cvmm-medium":["https:\/\/www.cnbf.org.br\/wp-content\/uploads\/2025\/10\/88bfe5a0-0fcb-4668-8756-70d9b772f100.jpg",241,300,false],"cvmm-medium-plus":["https:\/\/www.cnbf.org.br\/wp-content\/uploads\/2025\/10\/88bfe5a0-0fcb-4668-8756-70d9b772f100.jpg",166,207,false],"cvmm-portrait":["https:\/\/www.cnbf.org.br\/wp-content\/uploads\/2025\/10\/88bfe5a0-0fcb-4668-8756-70d9b772f100.jpg",400,498,false],"cvmm-medium-square":["https:\/\/www.cnbf.org.br\/wp-content\/uploads\/2025\/10\/88bfe5a0-0fcb-4668-8756-70d9b772f100.jpg",431,537,false],"cvmm-large":["https:\/\/www.cnbf.org.br\/wp-content\/uploads\/2025\/10\/88bfe5a0-0fcb-4668-8756-70d9b772f100.jpg",431,537,false],"cvmm-small":["https:\/\/www.cnbf.org.br\/wp-content\/uploads\/2025\/10\/88bfe5a0-0fcb-4668-8756-70d9b772f100.jpg",76,95,false],"full":["https:\/\/www.cnbf.org.br\/wp-content\/uploads\/2025\/10\/88bfe5a0-0fcb-4668-8756-70d9b772f100.jpg",431,537,false]},"categories_names":{"85":{"name":"NACIONAL 2025","link":"https:\/\/www.cnbf.org.br\/index.php\/category\/nacional-2025\/"}},"tags_names":{"89":{"name":"2025","link":"https:\/\/www.cnbf.org.br\/index.php\/tag\/2025\/"},"35":{"name":"bandas","link":"https:\/\/www.cnbf.org.br\/index.php\/tag\/bandas\/"},"36":{"name":"fanfarras","link":"https:\/\/www.cnbf.org.br\/index.php\/tag\/fanfarras\/"},"117":{"name":"Inscri\u00e7\u00e3o","link":"https:\/\/www.cnbf.org.br\/index.php\/tag\/inscricao\/"},"96":{"name":"Maca\u00e9","link":"https:\/\/www.cnbf.org.br\/index.php\/tag\/macae\/"},"34":{"name":"nacional","link":"https:\/\/www.cnbf.org.br\/index.php\/tag\/nacional\/"}},"comments_number":"0","jetpack_sharing_enabled":true,"_links":{"self":[{"href":"https:\/\/www.cnbf.org.br\/index.php\/wp-json\/wp\/v2\/posts\/1187","targetHints":{"allow":["GET"]}}],"collection":[{"href":"https:\/\/www.cnbf.org.br\/index.php\/wp-json\/wp\/v2\/posts"}],"about":[{"href":"https:\/\/www.cnbf.org.br\/index.php\/wp-json\/wp\/v2\/types\/post"}],"author":[{"embeddable":true,"href":"https:\/\/www.cnbf.org.br\/index.php\/wp-json\/wp\/v2\/users\/1"}],"replies":[{"embeddable":true,"href":"https:\/\/www.cnbf.org.br\/index.php\/wp-json\/wp\/v2\/comments?post=1187"}],"version-history":[{"count":4,"href":"https:\/\/www.cnbf.org.br\/index.php\/wp-json\/wp\/v2\/posts\/1187\/revisions"}],"predecessor-version":[{"id":1205,"href":"https:\/\/www.cnbf.org.br\/index.php\/wp-json\/wp\/v2\/posts\/1187\/revisions\/1205"}],"wp:featuredmedia":[{"embeddable":true,"href":"https:\/\/www.cnbf.org.br\/index.php\/wp-json\/wp\/v2\/media\/1153"}],"wp:attachment":[{"href":"https:\/\/www.cnbf.org.br\/index.php\/wp-json\/wp\/v2\/media?parent=1187"}],"wp:term":[{"taxonomy":"category","embeddable":true,"href":"https:\/\/www.cnbf.org.br\/index.php\/wp-json\/wp\/v2\/categories?post=1187"},{"taxonomy":"post_tag","embeddable":true,"href":"https:\/\/www.cnbf.org.br\/index.php\/wp-json\/wp\/v2\/tags?post=1187"}],"curies":[{"name":"wp","href":"https:\/\/api.w.org\/{rel}","templated":true}]}}